{"id":1662,"date":"2021-12-03T13:25:12","date_gmt":"2021-12-03T13:25:12","guid":{"rendered":"https:\/\/moldovacenter.ro\/?p=1662"},"modified":"2021-12-30T13:59:01","modified_gmt":"2021-12-30T13:59:01","slug":"2021-campania-de-craciun-organizata-de-ziarul-de-iasi","status":"publish","type":"post","link":"https:\/\/moldovacenter.ro\/en\/2021\/12\/03\/2021-campania-de-craciun-organizata-de-ziarul-de-iasi\/","title":{"rendered":"2021 \u2013 Christmas campaign organized by Ziarul de Iasi"},"content":{"rendered":"<div data-elementor-type=\"wp-post\" data-elementor-id=\"1662\" class=\"elementor elementor-1662\" data-elementor-post-type=\"post\">\n\t\t\t\t\t\t<section class=\"elementor-section elementor-top-section elementor-element elementor-element-9e07fa7 elementor-section-boxed elementor-section-height-default elementor-section-height-default\" data-id=\"9e07fa7\" data-element_type=\"section\" data-e-type=\"section\">\n\t\t\t\t\t\t<div class=\"elementor-container elementor-column-gap-default\">\n\t\t\t\t\t<div class=\"elementor-column elementor-col-100 elementor-top-column elementor-element elementor-element-6c54584\" data-id=\"6c54584\" data-element_type=\"column\" data-e-type=\"column\">\n\t\t\t<div class=\"elementor-widget-wrap elementor-element-populated\">\n\t\t\t\t\t\t<div class=\"elementor-element elementor-element-601ae32 elementor-widget elementor-widget-gallery\" data-id=\"601ae32\" data-element_type=\"widget\" data-e-type=\"widget\" data-settings=\"{&quot;columns&quot;:3,&quot;columns_tablet&quot;:3,&quot;lazyload&quot;:&quot;yes&quot;,&quot;gallery_layout&quot;:&quot;grid&quot;,&quot;columns_mobile&quot;:1,&quot;gap&quot;:{&quot;unit&quot;:&quot;px&quot;,&quot;size&quot;:10,&quot;sizes&quot;:[]},&quot;gap_tablet&quot;:{&quot;unit&quot;:&quot;px&quot;,&quot;size&quot;:10,&quot;sizes&quot;:[]},&quot;gap_mobile&quot;:{&quot;unit&quot;:&quot;px&quot;,&quot;size&quot;:10,&quot;sizes&quot;:[]},&quot;link_to&quot;:&quot;file&quot;,&quot;aspect_ratio&quot;:&quot;3:2&quot;,&quot;overlay_background&quot;:&quot;yes&quot;,&quot;content_hover_animation&quot;:&quot;fade-in&quot;}\" data-widget_type=\"gallery.default\">\n\t\t\t\t\t\t\t<div class=\"elementor-gallery__container\">\n\t\t\t\t\t\t\t<a class=\"e-gallery-item elementor-gallery-item elementor-animated-content\" href=\"https:\/\/moldovacenter.ro\/wp-content\/uploads\/2021\/12\/Ziarul-de-Iasi4.png\" data-elementor-open-lightbox=\"yes\" data-elementor-lightbox-slideshow=\"601ae32\" data-elementor-lightbox-title=\"Ziarul de Iasi4\" data-e-action-hash=\"#elementor-action%3Aaction%3Dlightbox%26settings%3DeyJpZCI6MTY2NiwidXJsIjoiaHR0cHM6XC9cL21vbGRvdmFjZW50ZXIucm9cL3dwLWNvbnRlbnRcL3VwbG9hZHNcLzIwMjFcLzEyXC9aaWFydWwtZGUtSWFzaTQucG5nIiwic2xpZGVzaG93IjoiNjAxYWUzMiJ9\">\n\t\t\t\t\t<div class=\"e-gallery-image elementor-gallery-item__image\" data-thumbnail=\"https:\/\/moldovacenter.ro\/wp-content\/uploads\/2021\/12\/Ziarul-de-Iasi4.png\" data-width=\"416\" data-height=\"357\" aria-label=\"\" role=\"img\" ><\/div>\n\t\t\t\t\t\t\t\t\t\t\t<div class=\"elementor-gallery-item__overlay\"><\/div>\n\t\t\t\t\t\t\t\t\t\t\t\t\t\t<\/a>\n\t\t\t\t\t\t\t<a class=\"e-gallery-item elementor-gallery-item elementor-animated-content\" href=\"https:\/\/moldovacenter.ro\/wp-content\/uploads\/2021\/12\/Ziarul-de-Iasi3.png\" data-elementor-open-lightbox=\"yes\" data-elementor-lightbox-slideshow=\"601ae32\" data-elementor-lightbox-title=\"Ziarul de Iasi3\" data-e-action-hash=\"#elementor-action%3Aaction%3Dlightbox%26settings%3DeyJpZCI6MTY2NSwidXJsIjoiaHR0cHM6XC9cL21vbGRvdmFjZW50ZXIucm9cL3dwLWNvbnRlbnRcL3VwbG9hZHNcLzIwMjFcLzEyXC9aaWFydWwtZGUtSWFzaTMucG5nIiwic2xpZGVzaG93IjoiNjAxYWUzMiJ9\">\n\t\t\t\t\t<div class=\"e-gallery-image elementor-gallery-item__image\" data-thumbnail=\"https:\/\/moldovacenter.ro\/wp-content\/uploads\/2021\/12\/Ziarul-de-Iasi3.png\" data-width=\"444\" data-height=\"299\" aria-label=\"\" role=\"img\" ><\/div>\n\t\t\t\t\t\t\t\t\t\t\t<div class=\"elementor-gallery-item__overlay\"><\/div>\n\t\t\t\t\t\t\t\t\t\t\t\t\t\t<\/a>\n\t\t\t\t\t\t\t<a class=\"e-gallery-item elementor-gallery-item elementor-animated-content\" href=\"https:\/\/moldovacenter.ro\/wp-content\/uploads\/2021\/12\/Ziarul-de-Iasi2.png\" data-elementor-open-lightbox=\"yes\" data-elementor-lightbox-slideshow=\"601ae32\" data-elementor-lightbox-title=\"Ziarul de Iasi2\" data-e-action-hash=\"#elementor-action%3Aaction%3Dlightbox%26settings%3DeyJpZCI6MTY2NCwidXJsIjoiaHR0cHM6XC9cL21vbGRvdmFjZW50ZXIucm9cL3dwLWNvbnRlbnRcL3VwbG9hZHNcLzIwMjFcLzEyXC9aaWFydWwtZGUtSWFzaTIucG5nIiwic2xpZGVzaG93IjoiNjAxYWUzMiJ9\">\n\t\t\t\t\t<div class=\"e-gallery-image elementor-gallery-item__image\" data-thumbnail=\"https:\/\/moldovacenter.ro\/wp-content\/uploads\/2021\/12\/Ziarul-de-Iasi2.png\" data-width=\"452\" data-height=\"301\" aria-label=\"\" role=\"img\" ><\/div>\n\t\t\t\t\t\t\t\t\t\t\t<div class=\"elementor-gallery-item__overlay\"><\/div>\n\t\t\t\t\t\t\t\t\t\t\t\t\t\t<\/a>\n\t\t\t\t\t\t\t<a class=\"e-gallery-item elementor-gallery-item elementor-animated-content\" href=\"https:\/\/moldovacenter.ro\/wp-content\/uploads\/2021\/12\/Ziarul-de-Iasi1.png\" data-elementor-open-lightbox=\"yes\" data-elementor-lightbox-slideshow=\"601ae32\" data-elementor-lightbox-title=\"Ziarul de Iasi1\" data-e-action-hash=\"#elementor-action%3Aaction%3Dlightbox%26settings%3DeyJpZCI6MTY2MywidXJsIjoiaHR0cHM6XC9cL21vbGRvdmFjZW50ZXIucm9cL3dwLWNvbnRlbnRcL3VwbG9hZHNcLzIwMjFcLzEyXC9aaWFydWwtZGUtSWFzaTEucG5nIiwic2xpZGVzaG93IjoiNjAxYWUzMiJ9\">\n\t\t\t\t\t<div class=\"e-gallery-image elementor-gallery-item__image\" data-thumbnail=\"https:\/\/moldovacenter.ro\/wp-content\/uploads\/2021\/12\/Ziarul-de-Iasi1.png\" data-width=\"545\" data-height=\"353\" aria-label=\"\" role=\"img\" ><\/div>\n\t\t\t\t\t\t\t\t\t\t\t<div class=\"elementor-gallery-item__overlay\"><\/div>\n\t\t\t\t\t\t\t\t\t\t\t\t\t\t<\/a>\n\t\t\t\t\t<\/div>\n\t\t\t\t\t<\/div>\n\t\t\t\t\t<\/div>\n\t\t<\/div>\n\t\t\t\t\t<\/div>\n\t\t<\/section>\n\t\t\t\t<section class=\"elementor-section elementor-top-section elementor-element elementor-element-275299d2 elementor-section-boxed elementor-section-height-default elementor-section-height-default\" data-id=\"275299d2\" data-element_type=\"section\" data-e-type=\"section\">\n\t\t\t\t\t\t<div class=\"elementor-container elementor-column-gap-default\">\n\t\t\t\t\t<div class=\"elementor-column elementor-col-100 elementor-top-column elementor-element elementor-element-1745d337\" data-id=\"1745d337\" data-element_type=\"column\" data-e-type=\"column\">\n\t\t\t<div class=\"elementor-widget-wrap elementor-element-populated\">\n\t\t\t\t\t\t<div class=\"elementor-element elementor-element-6b903209 elementor-widget elementor-widget-text-editor\" data-id=\"6b903209\" data-element_type=\"widget\" data-e-type=\"widget\" data-widget_type=\"text-editor.default\">\n\t\t\t\t\t\t\t\t\t<p><\/p>\n<p>Moldova Center participated in the Holiday campaign organized by Ziarul de Iasi to support children and needy families. At the end of 2021, Santa Claus arrived\u00a0<span style=\"text-align: justify; color: var( --e-global-color-text ); font-family: var( --e-global-typography-text-font-family ), Sans-serif; font-weight: var( --e-global-typography-text-font-weight ); font-size: 1rem;\">at all 176 students and preschoolers from Romanesti schools, who received consistent packages of clothing, personal hygiene items, fruits and sweets.\u00a0<\/span><\/p>\n<p style=\"text-align: justify;\">\u00a0<\/p>\n<p><\/p>\n<p>\u00a0<\/p>\n<p><\/p>\t\t\t\t\t\t\t\t<\/div>\n\t\t\t\t\t<\/div>\n\t\t<\/div>\n\t\t\t\t\t<\/div>\n\t\t<\/section>\n\t\t\t\t<\/div>","protected":false},"excerpt":{"rendered":"<p>Moldova Center a participat la campania de Sarbatori organizata de Ziarul de Iasi pentru a sprijini copii si familii nevoiase. La finalul anului 2021, Mos Craciun a ajuns la\u00a0cei 176 de elevi \u015fi pre\u015fcolari de la \u015fcolile din Rom\u00e2ne\u015fti care au primit pachete consistente cu articole de \u00eembr\u0103c\u0103minte, obiecte de igien\u0103 personal\u0103, fructe \u015fi dulciuri.\u00a0 [&hellip;]<\/p>\n","protected":false},"author":1,"featured_media":1663,"comment_status":"open","ping_status":"open","sticky":false,"template":"","format":"standard","meta":{"footnotes":""},"categories":[10],"tags":[],"class_list":["post-1662","post","type-post","status-publish","format-standard","has-post-thumbnail","hentry","category-proiect-csr"],"yoast_head":"<!-- This site is optimized with the Yoast SEO Premium plugin v21.4 (Yoast SEO v27.4) - https:\/\/yoast.com\/product\/yoast-seo-premium-wordpress\/ -->\n<title>2021 \u2013 Campania de Craciun organizata de Ziarul de Iasi - Moldova Center<\/title>\n<meta name=\"robots\" content=\"index, follow, max-snippet:-1, max-image-preview:large, max-video-preview:-1\" \/>\n<link rel=\"canonical\" href=\"https:\/\/moldovacenter.ro\/en\/2021\/12\/03\/2021-campania-de-craciun-organizata-de-ziarul-de-iasi\/\" \/>\n<meta property=\"og:locale\" content=\"en_US\" \/>\n<meta property=\"og:type\" content=\"article\" \/>\n<meta property=\"og:title\" content=\"2021 \u2013 Campania de Craciun organizata de Ziarul de Iasi\" \/>\n<meta property=\"og:description\" content=\"Moldova Center a participat la campania de Sarbatori organizata de Ziarul de Iasi pentru a sprijini copii si familii nevoiase. La finalul anului 2021, Mos Craciun a ajuns la\u00a0cei 176 de elevi \u015fi pre\u015fcolari de la \u015fcolile din Rom\u00e2ne\u015fti care au primit pachete consistente cu articole de \u00eembr\u0103c\u0103minte, obiecte de igien\u0103 personal\u0103, fructe \u015fi dulciuri.\u00a0 [&hellip;]\" \/>\n<meta property=\"og:url\" content=\"https:\/\/moldovacenter.ro\/en\/2021\/12\/03\/2021-campania-de-craciun-organizata-de-ziarul-de-iasi\/\" \/>\n<meta property=\"og:site_name\" content=\"Moldova Center\" \/>\n<meta property=\"article:published_time\" content=\"2021-12-03T13:25:12+00:00\" \/>\n<meta property=\"article:modified_time\" content=\"2021-12-30T13:59:01+00:00\" \/>\n<meta property=\"og:image\" content=\"https:\/\/moldovacenter.ro\/wp-content\/uploads\/2021\/12\/Ziarul-de-Iasi1.png\" \/>\n\t<meta property=\"og:image:width\" content=\"545\" \/>\n\t<meta property=\"og:image:height\" content=\"353\" \/>\n\t<meta property=\"og:image:type\" content=\"image\/png\" \/>\n<meta name=\"author\" content=\"moldomin\" \/>\n<meta name=\"twitter:card\" content=\"summary_large_image\" \/>\n<meta name=\"twitter:label1\" content=\"Written by\" \/>\n\t<meta name=\"twitter:data1\" content=\"moldomin\" \/>\n<script type=\"application\/ld+json\" class=\"yoast-schema-graph\">{\"@context\":\"https:\\\/\\\/schema.org\",\"@graph\":[{\"@type\":\"Article\",\"@id\":\"https:\\\/\\\/moldovacenter.ro\\\/en\\\/2021\\\/12\\\/03\\\/2021-campania-de-craciun-organizata-de-ziarul-de-iasi\\\/#article\",\"isPartOf\":{\"@id\":\"https:\\\/\\\/moldovacenter.ro\\\/en\\\/2021\\\/12\\\/03\\\/2021-campania-de-craciun-organizata-de-ziarul-de-iasi\\\/\"},\"author\":{\"name\":\"moldomin\",\"@id\":\"https:\\\/\\\/moldovacenter.ro\\\/ro\\\/#\\\/schema\\\/person\\\/1a71d435037195edd9ccef2a932f87ef\"},\"headline\":\"2021 \u2013 Campania de Craciun organizata de Ziarul de Iasi\",\"datePublished\":\"2021-12-03T13:25:12+00:00\",\"dateModified\":\"2021-12-30T13:59:01+00:00\",\"mainEntityOfPage\":{\"@id\":\"https:\\\/\\\/moldovacenter.ro\\\/en\\\/2021\\\/12\\\/03\\\/2021-campania-de-craciun-organizata-de-ziarul-de-iasi\\\/\"},\"wordCount\":67,\"commentCount\":0,\"image\":{\"@id\":\"https:\\\/\\\/moldovacenter.ro\\\/en\\\/2021\\\/12\\\/03\\\/2021-campania-de-craciun-organizata-de-ziarul-de-iasi\\\/#primaryimage\"},\"thumbnailUrl\":\"https:\\\/\\\/moldovacenter.ro\\\/wp-content\\\/uploads\\\/2021\\\/12\\\/Ziarul-de-Iasi1.png\",\"articleSection\":[\"Proiect CSR\"],\"inLanguage\":\"en-US\",\"potentialAction\":[{\"@type\":\"CommentAction\",\"name\":\"Comment\",\"target\":[\"https:\\\/\\\/moldovacenter.ro\\\/en\\\/2021\\\/12\\\/03\\\/2021-campania-de-craciun-organizata-de-ziarul-de-iasi\\\/#respond\"]}]},{\"@type\":\"WebPage\",\"@id\":\"https:\\\/\\\/moldovacenter.ro\\\/en\\\/2021\\\/12\\\/03\\\/2021-campania-de-craciun-organizata-de-ziarul-de-iasi\\\/\",\"url\":\"https:\\\/\\\/moldovacenter.ro\\\/en\\\/2021\\\/12\\\/03\\\/2021-campania-de-craciun-organizata-de-ziarul-de-iasi\\\/\",\"name\":\"2021 \u2013 Campania de Craciun organizata de Ziarul de Iasi - Moldova Center\",\"isPartOf\":{\"@id\":\"https:\\\/\\\/moldovacenter.ro\\\/ro\\\/#website\"},\"primaryImageOfPage\":{\"@id\":\"https:\\\/\\\/moldovacenter.ro\\\/en\\\/2021\\\/12\\\/03\\\/2021-campania-de-craciun-organizata-de-ziarul-de-iasi\\\/#primaryimage\"},\"image\":{\"@id\":\"https:\\\/\\\/moldovacenter.ro\\\/en\\\/2021\\\/12\\\/03\\\/2021-campania-de-craciun-organizata-de-ziarul-de-iasi\\\/#primaryimage\"},\"thumbnailUrl\":\"https:\\\/\\\/moldovacenter.ro\\\/wp-content\\\/uploads\\\/2021\\\/12\\\/Ziarul-de-Iasi1.png\",\"datePublished\":\"2021-12-03T13:25:12+00:00\",\"dateModified\":\"2021-12-30T13:59:01+00:00\",\"author\":{\"@id\":\"https:\\\/\\\/moldovacenter.ro\\\/ro\\\/#\\\/schema\\\/person\\\/1a71d435037195edd9ccef2a932f87ef\"},\"breadcrumb\":{\"@id\":\"https:\\\/\\\/moldovacenter.ro\\\/en\\\/2021\\\/12\\\/03\\\/2021-campania-de-craciun-organizata-de-ziarul-de-iasi\\\/#breadcrumb\"},\"inLanguage\":\"en-US\",\"potentialAction\":[{\"@type\":\"ReadAction\",\"target\":[\"https:\\\/\\\/moldovacenter.ro\\\/en\\\/2021\\\/12\\\/03\\\/2021-campania-de-craciun-organizata-de-ziarul-de-iasi\\\/\"]}]},{\"@type\":\"ImageObject\",\"inLanguage\":\"en-US\",\"@id\":\"https:\\\/\\\/moldovacenter.ro\\\/en\\\/2021\\\/12\\\/03\\\/2021-campania-de-craciun-organizata-de-ziarul-de-iasi\\\/#primaryimage\",\"url\":\"https:\\\/\\\/moldovacenter.ro\\\/wp-content\\\/uploads\\\/2021\\\/12\\\/Ziarul-de-Iasi1.png\",\"contentUrl\":\"https:\\\/\\\/moldovacenter.ro\\\/wp-content\\\/uploads\\\/2021\\\/12\\\/Ziarul-de-Iasi1.png\",\"width\":545,\"height\":353},{\"@type\":\"BreadcrumbList\",\"@id\":\"https:\\\/\\\/moldovacenter.ro\\\/en\\\/2021\\\/12\\\/03\\\/2021-campania-de-craciun-organizata-de-ziarul-de-iasi\\\/#breadcrumb\",\"itemListElement\":[{\"@type\":\"ListItem\",\"position\":1,\"name\":\"Home\",\"item\":\"https:\\\/\\\/moldovacenter.ro\\\/ro\\\/\"},{\"@type\":\"ListItem\",\"position\":2,\"name\":\"2021 \u2013 Campania de Craciun organizata de Ziarul de Iasi\"}]},{\"@type\":\"WebSite\",\"@id\":\"https:\\\/\\\/moldovacenter.ro\\\/ro\\\/#website\",\"url\":\"https:\\\/\\\/moldovacenter.ro\\\/ro\\\/\",\"name\":\"Moldova Center\",\"description\":\"\",\"potentialAction\":[{\"@type\":\"SearchAction\",\"target\":{\"@type\":\"EntryPoint\",\"urlTemplate\":\"https:\\\/\\\/moldovacenter.ro\\\/ro\\\/?s={search_term_string}\"},\"query-input\":{\"@type\":\"PropertyValueSpecification\",\"valueRequired\":true,\"valueName\":\"search_term_string\"}}],\"inLanguage\":\"en-US\"},{\"@type\":\"Person\",\"@id\":\"https:\\\/\\\/moldovacenter.ro\\\/ro\\\/#\\\/schema\\\/person\\\/1a71d435037195edd9ccef2a932f87ef\",\"name\":\"moldomin\",\"image\":{\"@type\":\"ImageObject\",\"inLanguage\":\"en-US\",\"@id\":\"https:\\\/\\\/secure.gravatar.com\\\/avatar\\\/d5ee5eaf7de4e3296042a1cdc1d491d0e7486a1253250dded14e902a68448177?s=96&d=mm&r=g\",\"url\":\"https:\\\/\\\/secure.gravatar.com\\\/avatar\\\/d5ee5eaf7de4e3296042a1cdc1d491d0e7486a1253250dded14e902a68448177?s=96&d=mm&r=g\",\"contentUrl\":\"https:\\\/\\\/secure.gravatar.com\\\/avatar\\\/d5ee5eaf7de4e3296042a1cdc1d491d0e7486a1253250dded14e902a68448177?s=96&d=mm&r=g\",\"caption\":\"moldomin\"},\"sameAs\":[\"https:\\\/\\\/moldovacenter.ro\"],\"url\":\"https:\\\/\\\/moldovacenter.ro\\\/en\\\/author\\\/moldomin\\\/\"}]}<\/script>\n<!-- \/ Yoast SEO Premium plugin. -->","yoast_head_json":{"title":"2021 \u2013 Campania de Craciun organizata de Ziarul de Iasi - Moldova Center","robots":{"index":"index","follow":"follow","max-snippet":"max-snippet:-1","max-image-preview":"max-image-preview:large","max-video-preview":"max-video-preview:-1"},"canonical":"https:\/\/moldovacenter.ro\/en\/2021\/12\/03\/2021-campania-de-craciun-organizata-de-ziarul-de-iasi\/","og_locale":"en_US","og_type":"article","og_title":"2021 \u2013 Campania de Craciun organizata de Ziarul de Iasi","og_description":"Moldova Center a participat la campania de Sarbatori organizata de Ziarul de Iasi pentru a sprijini copii si familii nevoiase. La finalul anului 2021, Mos Craciun a ajuns la\u00a0cei 176 de elevi \u015fi pre\u015fcolari de la \u015fcolile din Rom\u00e2ne\u015fti care au primit pachete consistente cu articole de \u00eembr\u0103c\u0103minte, obiecte de igien\u0103 personal\u0103, fructe \u015fi dulciuri.\u00a0 [&hellip;]","og_url":"https:\/\/moldovacenter.ro\/en\/2021\/12\/03\/2021-campania-de-craciun-organizata-de-ziarul-de-iasi\/","og_site_name":"Moldova Center","article_published_time":"2021-12-03T13:25:12+00:00","article_modified_time":"2021-12-30T13:59:01+00:00","og_image":[{"width":545,"height":353,"url":"https:\/\/moldovacenter.ro\/wp-content\/uploads\/2021\/12\/Ziarul-de-Iasi1.png","type":"image\/png"}],"author":"moldomin","twitter_card":"summary_large_image","twitter_misc":{"Written by":"moldomin"},"schema":{"@context":"https:\/\/schema.org","@graph":[{"@type":"Article","@id":"https:\/\/moldovacenter.ro\/en\/2021\/12\/03\/2021-campania-de-craciun-organizata-de-ziarul-de-iasi\/#article","isPartOf":{"@id":"https:\/\/moldovacenter.ro\/en\/2021\/12\/03\/2021-campania-de-craciun-organizata-de-ziarul-de-iasi\/"},"author":{"name":"moldomin","@id":"https:\/\/moldovacenter.ro\/ro\/#\/schema\/person\/1a71d435037195edd9ccef2a932f87ef"},"headline":"2021 \u2013 Campania de Craciun organizata de Ziarul de Iasi","datePublished":"2021-12-03T13:25:12+00:00","dateModified":"2021-12-30T13:59:01+00:00","mainEntityOfPage":{"@id":"https:\/\/moldovacenter.ro\/en\/2021\/12\/03\/2021-campania-de-craciun-organizata-de-ziarul-de-iasi\/"},"wordCount":67,"commentCount":0,"image":{"@id":"https:\/\/moldovacenter.ro\/en\/2021\/12\/03\/2021-campania-de-craciun-organizata-de-ziarul-de-iasi\/#primaryimage"},"thumbnailUrl":"https:\/\/moldovacenter.ro\/wp-content\/uploads\/2021\/12\/Ziarul-de-Iasi1.png","articleSection":["Proiect CSR"],"inLanguage":"en-US","potentialAction":[{"@type":"CommentAction","name":"Comment","target":["https:\/\/moldovacenter.ro\/en\/2021\/12\/03\/2021-campania-de-craciun-organizata-de-ziarul-de-iasi\/#respond"]}]},{"@type":"WebPage","@id":"https:\/\/moldovacenter.ro\/en\/2021\/12\/03\/2021-campania-de-craciun-organizata-de-ziarul-de-iasi\/","url":"https:\/\/moldovacenter.ro\/en\/2021\/12\/03\/2021-campania-de-craciun-organizata-de-ziarul-de-iasi\/","name":"2021 \u2013 Campania de Craciun organizata de Ziarul de Iasi - Moldova Center","isPartOf":{"@id":"https:\/\/moldovacenter.ro\/ro\/#website"},"primaryImageOfPage":{"@id":"https:\/\/moldovacenter.ro\/en\/2021\/12\/03\/2021-campania-de-craciun-organizata-de-ziarul-de-iasi\/#primaryimage"},"image":{"@id":"https:\/\/moldovacenter.ro\/en\/2021\/12\/03\/2021-campania-de-craciun-organizata-de-ziarul-de-iasi\/#primaryimage"},"thumbnailUrl":"https:\/\/moldovacenter.ro\/wp-content\/uploads\/2021\/12\/Ziarul-de-Iasi1.png","datePublished":"2021-12-03T13:25:12+00:00","dateModified":"2021-12-30T13:59:01+00:00","author":{"@id":"https:\/\/moldovacenter.ro\/ro\/#\/schema\/person\/1a71d435037195edd9ccef2a932f87ef"},"breadcrumb":{"@id":"https:\/\/moldovacenter.ro\/en\/2021\/12\/03\/2021-campania-de-craciun-organizata-de-ziarul-de-iasi\/#breadcrumb"},"inLanguage":"en-US","potentialAction":[{"@type":"ReadAction","target":["https:\/\/moldovacenter.ro\/en\/2021\/12\/03\/2021-campania-de-craciun-organizata-de-ziarul-de-iasi\/"]}]},{"@type":"ImageObject","inLanguage":"en-US","@id":"https:\/\/moldovacenter.ro\/en\/2021\/12\/03\/2021-campania-de-craciun-organizata-de-ziarul-de-iasi\/#primaryimage","url":"https:\/\/moldovacenter.ro\/wp-content\/uploads\/2021\/12\/Ziarul-de-Iasi1.png","contentUrl":"https:\/\/moldovacenter.ro\/wp-content\/uploads\/2021\/12\/Ziarul-de-Iasi1.png","width":545,"height":353},{"@type":"BreadcrumbList","@id":"https:\/\/moldovacenter.ro\/en\/2021\/12\/03\/2021-campania-de-craciun-organizata-de-ziarul-de-iasi\/#breadcrumb","itemListElement":[{"@type":"ListItem","position":1,"name":"Home","item":"https:\/\/moldovacenter.ro\/ro\/"},{"@type":"ListItem","position":2,"name":"2021 \u2013 Campania de Craciun organizata de Ziarul de Iasi"}]},{"@type":"WebSite","@id":"https:\/\/moldovacenter.ro\/ro\/#website","url":"https:\/\/moldovacenter.ro\/ro\/","name":"Moldova Center","description":"","potentialAction":[{"@type":"SearchAction","target":{"@type":"EntryPoint","urlTemplate":"https:\/\/moldovacenter.ro\/ro\/?s={search_term_string}"},"query-input":{"@type":"PropertyValueSpecification","valueRequired":true,"valueName":"search_term_string"}}],"inLanguage":"en-US"},{"@type":"Person","@id":"https:\/\/moldovacenter.ro\/ro\/#\/schema\/person\/1a71d435037195edd9ccef2a932f87ef","name":"moldomin","image":{"@type":"ImageObject","inLanguage":"en-US","@id":"https:\/\/secure.gravatar.com\/avatar\/d5ee5eaf7de4e3296042a1cdc1d491d0e7486a1253250dded14e902a68448177?s=96&d=mm&r=g","url":"https:\/\/secure.gravatar.com\/avatar\/d5ee5eaf7de4e3296042a1cdc1d491d0e7486a1253250dded14e902a68448177?s=96&d=mm&r=g","contentUrl":"https:\/\/secure.gravatar.com\/avatar\/d5ee5eaf7de4e3296042a1cdc1d491d0e7486a1253250dded14e902a68448177?s=96&d=mm&r=g","caption":"moldomin"},"sameAs":["https:\/\/moldovacenter.ro"],"url":"https:\/\/moldovacenter.ro\/en\/author\/moldomin\/"}]}},"_links":{"self":[{"href":"https:\/\/moldovacenter.ro\/en\/wp-json\/wp\/v2\/posts\/1662","targetHints":{"allow":["GET"]}}],"collection":[{"href":"https:\/\/moldovacenter.ro\/en\/wp-json\/wp\/v2\/posts"}],"about":[{"href":"https:\/\/moldovacenter.ro\/en\/wp-json\/wp\/v2\/types\/post"}],"author":[{"embeddable":true,"href":"https:\/\/moldovacenter.ro\/en\/wp-json\/wp\/v2\/users\/1"}],"replies":[{"embeddable":true,"href":"https:\/\/moldovacenter.ro\/en\/wp-json\/wp\/v2\/comments?post=1662"}],"version-history":[{"count":4,"href":"https:\/\/moldovacenter.ro\/en\/wp-json\/wp\/v2\/posts\/1662\/revisions"}],"predecessor-version":[{"id":1670,"href":"https:\/\/moldovacenter.ro\/en\/wp-json\/wp\/v2\/posts\/1662\/revisions\/1670"}],"wp:featuredmedia":[{"embeddable":true,"href":"https:\/\/moldovacenter.ro\/en\/wp-json\/wp\/v2\/media\/1663"}],"wp:attachment":[{"href":"https:\/\/moldovacenter.ro\/en\/wp-json\/wp\/v2\/media?parent=1662"}],"wp:term":[{"taxonomy":"category","embeddable":true,"href":"https:\/\/moldovacenter.ro\/en\/wp-json\/wp\/v2\/categories?post=1662"},{"taxonomy":"post_tag","embeddable":true,"href":"https:\/\/moldovacenter.ro\/en\/wp-json\/wp\/v2\/tags?post=1662"}],"curies":[{"name":"wp","href":"https:\/\/api.w.org\/{rel}","templated":true}]}}